{"id":2913,"__str__":"Mo\u00e7\u00e3o de Pesar n\u00ba 8 de 2022","link_detail_backend":"/materia/2913","metadata":{},"numero":8,"ano":2022,"numero_protocolo":370,"data_apresentacao":"2022-06-06","tipo_apresentacao":"","data_publicacao":null,"numero_origem_externa":"","ano_origem_externa":null,"data_origem_externa":null,"apelido":"","dias_prazo":null,"data_fim_prazo":null,"em_tramitacao":false,"polemica":false,"objeto":"","complementar":false,"ementa":"Mo\u00e7\u00e3o de Pesar a fam\u00edlia Piana pelo falecimento do Senhor Riceri Piana.","indexacao":"","observacao":"","resultado":"","texto_original":"http://sapl.primaveradoleste.mt.leg.br/media/sapl/public/materialegislativa/2022/2913/mocao_de_pesar_008-2022.pdf","data_ultima_atualizacao":"2022-06-21T08:23:19.733023-04:00","ip":"200.11.14.134","ultima_edicao":"2022-06-06T11:23:27.385355-04:00","tipo":26,"regime_tramitacao":1,"tipo_origem_externa":null,"local_origem_externa":null,"user":63,"anexadas":[],"autores":[2]}