{"id":281,"__str__":"Projeto de Decreto Legislativo n\u00ba 2 de 2019","link_detail_backend":"/materia/281","metadata":{},"numero":2,"ano":2019,"numero_protocolo":null,"data_apresentacao":"2019-04-01","tipo_apresentacao":"E","data_publicacao":"2019-04-24","numero_origem_externa":"","ano_origem_externa":null,"data_origem_externa":null,"apelido":"","dias_prazo":60,"data_fim_prazo":"2019-04-20","em_tramitacao":false,"polemica":null,"objeto":"","complementar":null,"ementa":"Aprova o Parecer Pr\u00e9vio n\u00ba 58/2018-TP, do Tribunal de Contas do Estado de Mato Grosso, referente \u00e0s Contas Anuais de Governo da Prefeitura de Primavera do Leste/MT, relativas ao exerc\u00edcio de 2017, dos Prefeitos Get\u00falio Gon\u00e7alves Viana e Leonardo Tadeu Bortolin.","indexacao":"","observacao":"","resultado":"","texto_original":"http://sapl.primaveradoleste.mt.leg.br/media/sapl/public/materialegislativa/2019/281/projeto_de_decreto_legislativo_002_2019.pdf","data_ultima_atualizacao":"2019-05-10T08:33:21.069538-04:00","ip":"","ultima_edicao":null,"tipo":27,"regime_tramitacao":1,"tipo_origem_externa":null,"local_origem_externa":null,"user":null,"anexadas":[],"autores":[18]}