{"id":2722,"__str__":"Projeto Emenda \u00e0 Lei Org\u00e2nica n\u00ba 29 de 2022","link_detail_backend":"/materia/2722","metadata":{},"numero":29,"ano":2022,"numero_protocolo":217,"data_apresentacao":"2022-03-01","tipo_apresentacao":"","data_publicacao":null,"numero_origem_externa":"","ano_origem_externa":null,"data_origem_externa":null,"apelido":"","dias_prazo":null,"data_fim_prazo":null,"em_tramitacao":false,"polemica":false,"objeto":"","complementar":false,"ementa":"Altera a al\u00ednea \"a\" do inciso I, e cria paragrafo \u00fanico, no artigo 19 da Lei Org\u00e2nica do Munic\u00edpio de Primavera do Leste/MT, e da outras provid\u00eancias.\"","indexacao":"","observacao":"","resultado":"","texto_original":"http://sapl.primaveradoleste.mt.leg.br/media/sapl/public/materialegislativa/2022/2722/driely_1.pdf","data_ultima_atualizacao":"2022-06-14T08:13:42.761694-04:00","ip":"201.15.116.26","ultima_edicao":"2022-03-01T12:15:21.450340-04:00","tipo":23,"regime_tramitacao":1,"tipo_origem_externa":null,"local_origem_externa":null,"user":37,"anexadas":[],"autores":[96,94,99,5,12,2,7,98,102,97,95,78]}