{"id":2705,"__str__":"Indica\u00e7\u00e3o n\u00ba 208 de 2022","link_detail_backend":"/materia/2705","metadata":{},"numero":208,"ano":2022,"numero_protocolo":206,"data_apresentacao":"2022-02-23","tipo_apresentacao":"","data_publicacao":null,"numero_origem_externa":"","ano_origem_externa":null,"data_origem_externa":null,"apelido":"","dias_prazo":null,"data_fim_prazo":null,"em_tramitacao":false,"polemica":false,"objeto":"","complementar":false,"ementa":"Solicito a implanta\u00e7\u00e3o de um Centro de pr\u00e1ticas integrativas e complementares oferecido pelo Sistema \u00fanico de Sa\u00fade com as especialidades: Fitoterapia; Medicina Tradicional Chinesa; Homeopatia; Acupuntura; Dan\u00e7a; Automassagem; Arteterapia.","indexacao":"","observacao":"","resultado":"","texto_original":"http://sapl.primaveradoleste.mt.leg.br/media/sapl/public/materialegislativa/2022/2705/indicacao_208-2022_giovana_-__centro_de_praticas_integrativas.pdf","data_ultima_atualizacao":"2022-03-01T07:38:51.247397-04:00","ip":"201.15.116.26","ultima_edicao":"2022-02-25T09:26:08.588179-04:00","tipo":18,"regime_tramitacao":1,"tipo_origem_externa":null,"local_origem_externa":null,"user":52,"anexadas":[],"autores":[93]}