{"id":2696,"__str__":"Indica\u00e7\u00e3o n\u00ba 217 de 2022","link_detail_backend":"/materia/2696","metadata":{},"numero":217,"ano":2022,"numero_protocolo":197,"data_apresentacao":"2022-02-23","tipo_apresentacao":"","data_publicacao":null,"numero_origem_externa":"","ano_origem_externa":null,"data_origem_externa":null,"apelido":"","dias_prazo":null,"data_fim_prazo":null,"em_tramitacao":false,"polemica":false,"objeto":"","complementar":false,"ementa":"Solicito que fa\u00e7a um canteiro central na Avenida 12 de Maio, entre a Av. S\u00e3o Jo\u00e3o e a BR070.","indexacao":"","observacao":"","resultado":"","texto_original":"http://sapl.primaveradoleste.mt.leg.br/media/sapl/public/materialegislativa/2022/2696/indicacao_217-2022_giovana_-_canteiro__central_na_avenida_12_de_maio__entre_a_av._sao_joao_e_br_070.pdf","data_ultima_atualizacao":"2022-03-15T07:54:58.604421-04:00","ip":"201.15.116.26","ultima_edicao":"2022-03-11T07:41:38.493687-04:00","tipo":18,"regime_tramitacao":1,"tipo_origem_externa":null,"local_origem_externa":null,"user":52,"anexadas":[],"autores":[93]}