{"id":2555,"__str__":"Indica\u00e7\u00e3o n\u00ba 96 de 2022","link_detail_backend":"/materia/2555","metadata":{},"numero":96,"ano":2022,"numero_protocolo":83,"data_apresentacao":"2022-02-01","tipo_apresentacao":"","data_publicacao":null,"numero_origem_externa":"","ano_origem_externa":null,"data_origem_externa":null,"apelido":"","dias_prazo":null,"data_fim_prazo":null,"em_tramitacao":false,"polemica":false,"objeto":"","complementar":false,"ementa":"A viabiliza\u00e7\u00e3o e transforma\u00e7\u00e3o da MT 130 e BR 070 no per\u00edmetro urbano, em avenidas locais, transformando-as no modelo do trecho existente nas imedia\u00e7\u00f5es da CB Agr\u00edcola e Cometa Auto Pe\u00e7as, dotando-as 03 (tr\u00eas) pistas cada lado, mais estacionamento, grande canteiro central e ilumina\u00e7\u00e3o; inclusive, no caso da MT - 130 com nomenclatura de Avenida MT - 130 Norte e Avenida MT - 130 Sul; e no caso da BR - 070, com nomenclatura de Avenida BR - 070 Leste e Avenida BR - 070 Oeste.","indexacao":"","observacao":"","resultado":"","texto_original":"http://sapl.primaveradoleste.mt.leg.br/media/sapl/public/materialegislativa/2022/2555/indicacao_096-2022_manoel.pdf","data_ultima_atualizacao":"2022-02-22T09:48:56.915387-04:00","ip":"201.15.116.26","ultima_edicao":"2022-02-01T09:23:01.085393-04:00","tipo":18,"regime_tramitacao":1,"tipo_origem_externa":null,"local_origem_externa":null,"user":37,"anexadas":[],"autores":[2]}