{"id":2412,"__str__":"Projeto de Lei Ordin\u00e1ria n\u00ba 1255 de 2021","link_detail_backend":"/materia/2412","metadata":{},"numero":1255,"ano":2021,"numero_protocolo":728,"data_apresentacao":"2021-10-20","tipo_apresentacao":"","data_publicacao":null,"numero_origem_externa":"","ano_origem_externa":null,"data_origem_externa":null,"apelido":"","dias_prazo":null,"data_fim_prazo":null,"em_tramitacao":false,"polemica":false,"objeto":"","complementar":false,"ementa":"Disp\u00f5e sobre a garantia do direito de acesso pleno \u00e0 informa\u00e7\u00e3o as pessoas com defici\u00eancia visual, por meio da implementa\u00e7\u00e3o do projeto \u201c#PraCegoVer\u201d, nas publica\u00e7\u00f5es que vinculam imagens, nos s\u00edtios eletr\u00f4nicos e redes sociais de \u00f3rg\u00e3os da Administra\u00e7\u00e3o P\u00fablica Municipal Direta e Indireta e d\u00e1 outras provid\u00eancias.","indexacao":"","observacao":"","resultado":"","texto_original":"http://sapl.primaveradoleste.mt.leg.br/media/sapl/public/materialegislativa/2021/2412/projeto_de_lei_no_1255-2021.pdf","data_ultima_atualizacao":"2021-12-15T08:28:45.104517-04:00","ip":"","ultima_edicao":null,"tipo":19,"regime_tramitacao":1,"tipo_origem_externa":null,"local_origem_externa":null,"user":null,"anexadas":[],"autores":[96]}