{"id":2317,"__str__":"Parecer Contr\u00e1rio n\u00ba 2 de 2021","link_detail_backend":"/materia/2317","metadata":{},"numero":2,"ano":2021,"numero_protocolo":null,"data_apresentacao":"2021-08-19","tipo_apresentacao":"E","data_publicacao":null,"numero_origem_externa":"","ano_origem_externa":null,"data_origem_externa":null,"apelido":"","dias_prazo":null,"data_fim_prazo":null,"em_tramitacao":false,"polemica":false,"objeto":"","complementar":false,"ementa":"Parecer Contr\u00e1rio da Comiss\u00e3o de Justi\u00e7a e Reda\u00e7\u00e3o a Emenda Supressiva 001/2021, apresentada pelo Vereador Adriano Carvalho ao Projeto de Resolu\u00e7\u00e3o n\u00ba 001/2021, que suprima-se as al\u00edneas ''a\" e \"b\" do inciso , art. 5\u00b0 do presente projeto de lei, que disp\u00f5e sobre: Altera a reda\u00e7\u00e3o do caput do artigo 33 do Regimento Interno e acresce o inciso VIII; Modifica o artigo 47; Institui o C\u00f3digo de \u00c9tica e Decoro Parlamentar, e d\u00e1 outras provid\u00eancias.","indexacao":"","observacao":"","resultado":"","texto_original":"http://sapl.primaveradoleste.mt.leg.br/media/sapl/public/materialegislativa/2021/2317/parecer_da_emenda_supressiva_pr_001-2021_-_comissao_de_justica_e_redacao.pdf","data_ultima_atualizacao":"2021-09-15T12:09:28.077732-04:00","ip":"201.15.116.26","ultima_edicao":"2021-08-20T10:31:52.828788-04:00","tipo":32,"regime_tramitacao":1,"tipo_origem_externa":null,"local_origem_externa":null,"user":52,"anexadas":[2160],"autores":[17]}