{"id":2224,"__str__":"Indica\u00e7\u00e3o n\u00ba 535 de 2021","link_detail_backend":"/materia/2224","metadata":{},"numero":535,"ano":2021,"numero_protocolo":578,"data_apresentacao":"2021-07-06","tipo_apresentacao":"","data_publicacao":null,"numero_origem_externa":"","ano_origem_externa":null,"data_origem_externa":null,"apelido":"","dias_prazo":null,"data_fim_prazo":null,"em_tramitacao":false,"polemica":false,"objeto":"","complementar":false,"ementa":"A viabiliza\u00e7\u00e3o de pavimenta\u00e7\u00e3o do trecho de 1,17km, entre as coordenadas geogr\u00e1ficas \"-15.495879 e -54.278978\", sendo que tal via, encontra-se distante 7,4 km do centro de nossa cidade, pela MT-130 sentido a Paranatinga (rua em frente da Inovar ind\u00fastria e com\u00e9rcio de Cereais), e a instala\u00e7\u00e3o de postes dotadas de ilumina\u00e7\u00e3o com LED.","indexacao":"","observacao":"","resultado":"","texto_original":"http://sapl.primaveradoleste.mt.leg.br/media/sapl/public/materialegislativa/2021/2224/indicacao_535-2021_manoel.pdf","data_ultima_atualizacao":"2021-08-10T07:40:51.739748-04:00","ip":"177.85.157.169","ultima_edicao":"2021-07-09T08:00:48.095255-04:00","tipo":18,"regime_tramitacao":1,"tipo_origem_externa":null,"local_origem_externa":null,"user":52,"anexadas":[],"autores":[2]}