{"id":2132,"__str__":"Indica\u00e7\u00e3o n\u00ba 483 de 2021","link_detail_backend":"/materia/2132","metadata":{},"numero":483,"ano":2021,"numero_protocolo":503,"data_apresentacao":"2021-06-11","tipo_apresentacao":"","data_publicacao":null,"numero_origem_externa":"","ano_origem_externa":null,"data_origem_externa":null,"apelido":"","dias_prazo":null,"data_fim_prazo":null,"em_tramitacao":false,"polemica":false,"objeto":"","complementar":false,"ementa":"Indica\u00e7\u00e3o para que se construa um Memorial em Homenagens as pessoas v\u00edtimas do Covid-19, no ano de 2020 a 2021em Primavera do Leste.","indexacao":"","observacao":"","resultado":"","texto_original":"http://sapl.primaveradoleste.mt.leg.br/media/sapl/public/materialegislativa/2021/2132/indicacao_483-2021_iltemar.pdf","data_ultima_atualizacao":"2021-06-28T18:01:03.091194-04:00","ip":"177.85.157.169","ultima_edicao":"2021-06-24T09:14:17.477140-04:00","tipo":18,"regime_tramitacao":1,"tipo_origem_externa":null,"local_origem_externa":null,"user":52,"anexadas":[],"autores":[95]}