{"id":2054,"__str__":"Indica\u00e7\u00e3o n\u00ba 414 de 2021","link_detail_backend":"/materia/2054","metadata":{},"numero":414,"ano":2021,"numero_protocolo":435,"data_apresentacao":"2021-05-20","tipo_apresentacao":"","data_publicacao":null,"numero_origem_externa":"","ano_origem_externa":null,"data_origem_externa":null,"apelido":"","dias_prazo":null,"data_fim_prazo":null,"em_tramitacao":false,"polemica":false,"objeto":"","complementar":false,"ementa":"Solicito que todos os profissionais da \u00e1rea de educa\u00e7\u00e3o que est\u00e3o inseridos em todos os espa\u00e7os ligados a educa\u00e7\u00e3o municipal, estadual e federal, como tamb\u00e9m a rede particular de ensino, sejam inclu\u00eddos ao grupo priorit\u00e1rio para a vacina\u00e7\u00e3o do Covid-19 em Primavera do Leste, sendo considerados profissionais que executam servi\u00e7o essencial.","indexacao":"","observacao":"","resultado":"","texto_original":"http://sapl.primaveradoleste.mt.leg.br/media/sapl/public/materialegislativa/2021/2054/indicacao_414-2021_luis_costa.pdf","data_ultima_atualizacao":"2021-05-24T18:10:38.610991-04:00","ip":"177.85.157.169","ultima_edicao":"2021-05-20T10:32:50.283121-04:00","tipo":18,"regime_tramitacao":1,"tipo_origem_externa":null,"local_origem_externa":null,"user":37,"anexadas":[],"autores":[12]}