{"id":163,"__str__":"Requerimento n\u00ba 1 de 2019","link_detail_backend":"/materia/163","metadata":{},"numero":1,"ano":2019,"numero_protocolo":142,"data_apresentacao":"2019-02-18","tipo_apresentacao":"E","data_publicacao":null,"numero_origem_externa":"","ano_origem_externa":null,"data_origem_externa":null,"apelido":"","dias_prazo":null,"data_fim_prazo":null,"em_tramitacao":false,"polemica":null,"objeto":"","complementar":null,"ementa":"Requer a convoca\u00e7\u00e3o de sess\u00e3o\r\nsolene e audi\u00eancia p\u00fablica a ser\r\nrealizada no dia 27/03/2019.","indexacao":"","observacao":"","resultado":"","texto_original":"http://sapl.primaveradoleste.mt.leg.br/media/sapl/public/materialegislativa/2019/163/requerimento_no_001-2019.pdf","data_ultima_atualizacao":"2020-12-15T10:58:36.719698-04:00","ip":"200.11.14.146","ultima_edicao":"2020-12-15T10:58:36.502384-04:00","tipo":22,"regime_tramitacao":1,"tipo_origem_externa":null,"local_origem_externa":null,"user":18,"anexadas":[],"autores":[8,16,10]}