{"id":1519,"__str__":"Indica\u00e7\u00e3o n\u00ba 67 de 2019","link_detail_backend":"/materia/1519","metadata":{},"numero":67,"ano":2019,"numero_protocolo":null,"data_apresentacao":"2019-02-12","tipo_apresentacao":"E","data_publicacao":null,"numero_origem_externa":"","ano_origem_externa":null,"data_origem_externa":null,"apelido":"","dias_prazo":null,"data_fim_prazo":null,"em_tramitacao":false,"polemica":false,"objeto":"","complementar":false,"ementa":"Que os banheiros p\u00fablicos da cidade,\r\ncomo por exemplo, o da pra\u00e7a central,\r\nfique aberto \u00e0 disposi\u00e7\u00e3o da\r\npopula\u00e7\u00e3o tamb\u00e9m nos finais de\r\nsemana, nos per\u00edodos matutino e\r\nvespertino.","indexacao":"","observacao":"","resultado":"","texto_original":"http://sapl.primaveradoleste.mt.leg.br/media/sapl/public/materialegislativa/2019/1519/ind_06-2019.pdf","data_ultima_atualizacao":"2020-12-15T08:40:27.483282-04:00","ip":"200.11.14.146","ultima_edicao":"2020-12-15T08:39:34.519726-04:00","tipo":18,"regime_tramitacao":1,"tipo_origem_externa":null,"local_origem_externa":null,"user":18,"anexadas":[],"autores":[12]}