{"id":14,"__str__":"Indica\u00e7\u00e3o n\u00ba 4 de 2019","link_detail_backend":"/materia/14","metadata":{},"numero":4,"ano":2019,"numero_protocolo":9,"data_apresentacao":"2019-02-01","tipo_apresentacao":"","data_publicacao":null,"numero_origem_externa":"","ano_origem_externa":null,"data_origem_externa":null,"apelido":"","dias_prazo":null,"data_fim_prazo":null,"em_tramitacao":true,"polemica":null,"objeto":"","complementar":null,"ementa":"construir quebra molas com eleva\u00e7\u00e3o e faixa para pedestres na Avenida dos Trabalhadores, em frente \u00e0 Ch\u00e1cara Vit\u00f3ria\u201d.","indexacao":"","observacao":"","resultado":"","texto_original":"http://sapl.primaveradoleste.mt.leg.br/media/sapl/public/materialegislativa/2019/14/quebra.pdf","data_ultima_atualizacao":"2020-12-15T10:29:56.452150-04:00","ip":"200.11.14.146","ultima_edicao":"2020-12-15T10:29:56.318064-04:00","tipo":18,"regime_tramitacao":1,"tipo_origem_externa":null,"local_origem_externa":null,"user":18,"anexadas":[],"autores":[10]}