{"id":1190,"__str__":"Indica\u00e7\u00e3o n\u00ba 74 de 2020","link_detail_backend":"/materia/1190","metadata":{},"numero":74,"ano":2020,"numero_protocolo":70,"data_apresentacao":"2020-03-05","tipo_apresentacao":"","data_publicacao":null,"numero_origem_externa":"","ano_origem_externa":null,"data_origem_externa":null,"apelido":"","dias_prazo":null,"data_fim_prazo":null,"em_tramitacao":false,"polemica":null,"objeto":"","complementar":null,"ementa":"\u201cVersando sobre a necessidade URGENTE de remarca\u00e7\u00e3o de faixas de pedestre em frente \u00e0 EMEI Eliene Macedo nos dois sentidos da Avenida Florian\u00f3polis, nesta cidade.\u201d","indexacao":"","observacao":"","resultado":"","texto_original":"http://sapl.primaveradoleste.mt.leg.br/media/sapl/public/materialegislativa/2020/1190/indicacao_remarcacao_de_faixa_de_pedestre_emei_eliene_macedo.pdf","data_ultima_atualizacao":"2020-03-09T19:45:38.419601-04:00","ip":"","ultima_edicao":null,"tipo":18,"regime_tramitacao":1,"tipo_origem_externa":null,"local_origem_externa":null,"user":null,"anexadas":[],"autores":[13]}