{"id":1147,"__str__":"Projeto de Lei Ordin\u00e1ria n\u00ba 789 de 2017","link_detail_backend":"/materia/1147","metadata":{},"numero":789,"ano":2017,"numero_protocolo":null,"data_apresentacao":"2017-03-27","tipo_apresentacao":"E","data_publicacao":null,"numero_origem_externa":"","ano_origem_externa":null,"data_origem_externa":null,"apelido":"","dias_prazo":null,"data_fim_prazo":null,"em_tramitacao":false,"polemica":null,"objeto":"","complementar":null,"ementa":"\"DISP\u00d5E SOBRE A IMPLANTA\u00c7\u00c3O DE PR\u00c1TICAS INTEGRATIVAS E COMPLEMENTARES NO SUS\".","indexacao":"","observacao":"","resultado":"","texto_original":"http://sapl.primaveradoleste.mt.leg.br/media/sapl/public/materialegislativa/2017/1147/ante_pl_789_2017.pdf","data_ultima_atualizacao":"2020-02-18T10:22:20.800877-04:00","ip":"200.11.14.146","ultima_edicao":null,"tipo":19,"regime_tramitacao":1,"tipo_origem_externa":null,"local_origem_externa":null,"user":18,"anexadas":[],"autores":[3,5,12,11]}