{"id":98,"__str__":"Avulso - Nova Reda\u00e7\u00e3o da Mo\u00e7\u00e3o 015/2019 de 30/05/2019 por Carlos Ven\u00e2ncio","link_detail_backend":"/materia/documentoacessorio/98","metadata":{},"nome":"Nova Reda\u00e7\u00e3o da Mo\u00e7\u00e3o 015/2019","data":"2019-05-30","autor":"Carlos Ven\u00e2ncio","ementa":"Nova reda\u00e7\u00e3o, seguindo orienta\u00e7\u00e3o de  parecer jur\u00eddico.","indexacao":"","arquivo":"http://sapl.primaveradoleste.mt.leg.br/media/sapl/public/documentoacessorio/2019/98/mocao_de_aplausos_015_2019-nova_redacao.pdf","data_ultima_atualizacao":"2019-05-30T11:49:32.122792-04:00","materia":273,"tipo":3}