{"id":956,"__str__":"Parecer - PARECER CJR CEF de 27/02/2007 por COMISS\u00c3O DE JUSTI\u00c7A E REDA\u00c7\u00c3O E COMISS\u00c3O DE ECONOMIA E FINAN\u00c7AS","link_detail_backend":"/materia/documentoacessorio/956","metadata":{},"nome":"PARECER CJR CEF","data":"2007-02-27","autor":"COMISS\u00c3O DE JUSTI\u00c7A E REDA\u00c7\u00c3O E COMISS\u00c3O DE ECONOMIA E FINAN\u00c7AS","ementa":"","indexacao":"","arquivo":"http://sapl.primaveradoleste.mt.leg.br/media/sapl/public/documentoacessorio/2007/956/parecer-cjr-cefo-003-2007.pdf","data_ultima_atualizacao":"2019-12-11T10:03:29.897728-04:00","materia":936,"tipo":7}