{"id":92,"__str__":"Parecer - Parecer CJR de 28/05/2019 por COMISS\u00c3O DE JUSTI\u00c7A E REDA\u00c7\u00c3O","link_detail_backend":"/materia/documentoacessorio/92","metadata":{},"nome":"Parecer CJR","data":"2019-05-28","autor":"COMISS\u00c3O DE JUSTI\u00c7A E REDA\u00c7\u00c3O","ementa":"Parecer favor\u00e1vel da Comiss\u00e3o de Justi\u00e7a e Reda\u00e7\u00e3o.","indexacao":"","arquivo":"http://sapl.primaveradoleste.mt.leg.br/media/sapl/public/documentoacessorio/2019/92/parecer-cjr-pl-930-2019.pdf","data_ultima_atualizacao":"2019-06-26T09:01:20.252517-04:00","materia":22,"tipo":7}