{"id":847,"__str__":"Parecer - PARECER CJR de 13/11/2012 por COMISS\u00c3O DE JUSTI\u00c7A E REDA\u00c7\u00c3O","link_detail_backend":"/materia/documentoacessorio/847","metadata":{},"nome":"PARECER CJR","data":"2012-11-13","autor":"COMISS\u00c3O DE JUSTI\u00c7A E REDA\u00c7\u00c3O","ementa":"","indexacao":"","arquivo":"http://sapl.primaveradoleste.mt.leg.br/media/sapl/public/documentoacessorio/2012/847/parecer-comissao-cjr.pdf","data_ultima_atualizacao":"2019-12-02T09:51:45.054250-04:00","materia":886,"tipo":7}