{"id":834,"__str__":"Parecer - PARECER CJR de 09/12/2014 por COMISS\u00c3O DE JUSTI\u00c7A E REDA\u00c7\u00c3O","link_detail_backend":"/materia/documentoacessorio/834","metadata":{},"nome":"PARECER CJR","data":"2014-12-09","autor":"COMISS\u00c3O DE JUSTI\u00c7A E REDA\u00c7\u00c3O","ementa":"","indexacao":"","arquivo":"http://sapl.primaveradoleste.mt.leg.br/media/sapl/public/documentoacessorio/2014/834/parecer-cjr.pdf","data_ultima_atualizacao":"2019-11-28T09:30:23.198077-04:00","materia":880,"tipo":7}