{"id":74,"__str__":"Parecer - PARECER DA COMISS\u00c3O DE JUSTI\u00c7A E REDA\u00c7\u00c3O de 04/12/2018 por COMISS\u00c3O DE JUSTI\u00c7A E REDA\u00c7\u00c3O","link_detail_backend":"/materia/documentoacessorio/74","metadata":{},"nome":"PARECER DA COMISS\u00c3O DE JUSTI\u00c7A E REDA\u00c7\u00c3O","data":"2018-12-04","autor":"COMISS\u00c3O DE JUSTI\u00c7A E REDA\u00c7\u00c3O","ementa":"Parecer Favor\u00e1vel.","indexacao":"","arquivo":"http://sapl.primaveradoleste.mt.leg.br/media/sapl/public/documentoacessorio/2018/74/parecer_cjr_2018.pdf","data_ultima_atualizacao":"2019-05-24T14:36:50.511594-04:00","materia":374,"tipo":7}