{"id":748,"__str__":"Parecer - PARECER CJR de 23/02/2018 por COMISS\u00c3O DE JUSTI\u00c7A E REDA\u00c7\u00c3O","link_detail_backend":"/materia/documentoacessorio/748","metadata":{},"nome":"PARECER CJR","data":"2018-02-23","autor":"COMISS\u00c3O DE JUSTI\u00c7A E REDA\u00c7\u00c3O","ementa":"","indexacao":"","arquivo":"http://sapl.primaveradoleste.mt.leg.br/media/sapl/public/documentoacessorio/2017/748/parecer_comiss_just_redacao_i.pdf","data_ultima_atualizacao":"2019-11-08T09:13:48.840251-04:00","materia":829,"tipo":7}