{"id":741,"__str__":"Parecer - PARECER CJR de 02/03/2018 por COMISS\u00c3O DE JUSTI\u00c7A E REDA\u00c7\u00c3O","link_detail_backend":"/materia/documentoacessorio/741","metadata":{},"nome":"PARECER CJR","data":"2018-03-02","autor":"COMISS\u00c3O DE JUSTI\u00c7A E REDA\u00c7\u00c3O","ementa":"","indexacao":"","arquivo":"http://sapl.primaveradoleste.mt.leg.br/media/sapl/public/documentoacessorio/2018/741/parecer_comiss_just_redacao.pdf","data_ultima_atualizacao":"2019-11-08T08:54:14.264266-04:00","materia":828,"tipo":7}