{"id":739,"__str__":"Parecer - PARECER CECSAS de 14/03/2018 por COM. EDUCA\u00c7\u00c3O E CULTURA, SA\u00daDE E ASS. SOCIAL","link_detail_backend":"/materia/documentoacessorio/739","metadata":{},"nome":"PARECER CECSAS","data":"2018-03-14","autor":"COM. EDUCA\u00c7\u00c3O E CULTURA, SA\u00daDE E ASS. SOCIAL","ementa":"","indexacao":"","arquivo":"http://sapl.primaveradoleste.mt.leg.br/media/sapl/public/documentoacessorio/2018/739/parecer_comiss_educ_cult_saude_ass_social.pdf","data_ultima_atualizacao":"2019-11-08T08:31:04.872085-04:00","materia":826,"tipo":7}