{"id":729,"__str__":"Parecer - PARECER CEFO de 13/03/2018 por COMISS\u00c3O DE ECONOMIA, FINAN\u00c7AS E OR\u00c7AMENTO","link_detail_backend":"/materia/documentoacessorio/729","metadata":{},"nome":"PARECER CEFO","data":"2018-03-13","autor":"COMISS\u00c3O DE ECONOMIA, FINAN\u00c7AS E OR\u00c7AMENTO","ementa":"","indexacao":"","arquivo":"http://sapl.primaveradoleste.mt.leg.br/media/sapl/public/documentoacessorio/2018/729/parecer_comiss_econ_finan_orcamento.pdf","data_ultima_atualizacao":"2019-11-07T11:33:54.656436-04:00","materia":821,"tipo":7}