{"id":710,"__str__":"Parecer - PARECER CECSAS de 10/04/2018 por COM. DE EDUCA\u00c7\u00c3O, CULTURA, SA\u00daDE E ASS. SOCIAL","link_detail_backend":"/materia/documentoacessorio/710","metadata":{},"nome":"PARECER CECSAS","data":"2018-04-10","autor":"COM. DE EDUCA\u00c7\u00c3O, CULTURA, SA\u00daDE E ASS. SOCIAL","ementa":"","indexacao":"","arquivo":"http://sapl.primaveradoleste.mt.leg.br/media/sapl/public/documentoacessorio/2018/710/parecer_comiss_educ_cult_saud_ass_social.pdf","data_ultima_atualizacao":"2019-11-07T07:50:12.715617-04:00","materia":815,"tipo":7}