{"id":696,"__str__":"Parecer - PARECER CECSAS de 11/05/2018 por COM. DE EDUCA\u00c7\u00c3O, CULTURA, SA\u00daDE E ASS. SOCIAL","link_detail_backend":"/materia/documentoacessorio/696","metadata":{},"nome":"PARECER CECSAS","data":"2018-05-11","autor":"COM. DE EDUCA\u00c7\u00c3O, CULTURA, SA\u00daDE E ASS. SOCIAL","ementa":"","indexacao":"","arquivo":"http://sapl.primaveradoleste.mt.leg.br/media/sapl/public/documentoacessorio/2018/696/parecer_comiss_ed_cult_saude_ass_social.pdf","data_ultima_atualizacao":"2019-11-06T09:34:13.607881-04:00","materia":811,"tipo":7}