{"id":677,"__str__":"Parecer - PARECER DA EMENDA MODIFICATIVA 001/2018 de 26/03/2018 por COMISS\u00c3O DE JUSTI\u00c7A E REDA\u00c7\u00c3O","link_detail_backend":"/materia/documentoacessorio/677","metadata":{},"nome":"PARECER DA EMENDA MODIFICATIVA 001/2018","data":"2018-03-26","autor":"COMISS\u00c3O DE JUSTI\u00c7A E REDA\u00c7\u00c3O","ementa":"","indexacao":"","arquivo":"http://sapl.primaveradoleste.mt.leg.br/media/sapl/public/documentoacessorio/2018/677/parecer_comiss_jus_redacao.pdf","data_ultima_atualizacao":"2019-11-06T08:18:48.463975-04:00","materia":808,"tipo":7}