{"id":5,"__str__":"Parecer - LUIZ CARLOS REZENDE de 07/02/2019 por ","link_detail_backend":"/materia/documentoacessorio/5","metadata":{},"nome":"LUIZ CARLOS REZENDE","data":"2019-02-07","autor":"","ementa":"EMENTA: Projeto de Lei n\u00b0 925, que\r\nAutoriza o Poder Executivo a firmar\r\ntermo de comodato com o Instituto\r\nFederal de Educa\u00e7\u00e3o, Ci\u00eancia e\r\nTecnologia de Mato Grosso e d\u00e1\r\noutras provid\u00eancias.","indexacao":"","arquivo":"http://sapl.primaveradoleste.mt.leg.br/media/sapl/public/documentoacessorio/2018/5/pl_925.pdf","data_ultima_atualizacao":"2019-02-21T09:38:30.930201-04:00","materia":20,"tipo":7}