{"id":58,"__str__":"Parecer - PARECER de 02/05/2019 por Comiss\u00e3o de Justi\u00e7a e Reda\u00e7\u00e3o","link_detail_backend":"/materia/documentoacessorio/58","metadata":{},"nome":"PARECER","data":"2019-05-02","autor":"Comiss\u00e3o de Justi\u00e7a e Reda\u00e7\u00e3o","ementa":"Parecer favor\u00e1vel da Comiss\u00e3o de Justi\u00e7a e Reda\u00e7\u00e3o.","indexacao":"","arquivo":"http://sapl.primaveradoleste.mt.leg.br/media/sapl/public/documentoacessorio/2019/58/parecer_mocao_aplausos_008_2019.pdf","data_ultima_atualizacao":"2019-05-02T12:40:46.798626-04:00","materia":142,"tipo":7}