{"id":554,"__str__":"Parecer - PARECER CJR de 06/08/2018 por COMISS\u00c3O DE JUSTI\u00c7A E REDA\u00c7\u00c3O","link_detail_backend":"/materia/documentoacessorio/554","metadata":{},"nome":"PARECER CJR","data":"2018-08-06","autor":"COMISS\u00c3O DE JUSTI\u00c7A E REDA\u00c7\u00c3O","ementa":"","indexacao":"","arquivo":"http://sapl.primaveradoleste.mt.leg.br/media/sapl/public/documentoacessorio/2018/554/parecer_comiss_justica_redacao.pdf","data_ultima_atualizacao":"2019-10-30T08:16:03.721294-04:00","materia":766,"tipo":7}