{"id":513,"__str__":"Parecer - PARECER CECSAS de 01/10/2019 por COMISS\u00c3O DE EDUCA\u00c7\u00c3O, CULTURA, SAUDE E ASSISTENCIA","link_detail_backend":"/materia/documentoacessorio/513","metadata":{},"nome":"PARECER CECSAS","data":"2019-10-01","autor":"COMISS\u00c3O DE EDUCA\u00c7\u00c3O, CULTURA, SAUDE E ASSISTENCIA","ementa":"Parecer favor\u00e1vel da comiss\u00e3o.","indexacao":"","arquivo":"http://sapl.primaveradoleste.mt.leg.br/media/sapl/public/documentoacessorio/2019/513/parecer_cecsas_pl_951_2019.pdf","data_ultima_atualizacao":"2019-10-07T12:51:05.651116-04:00","materia":314,"tipo":7}