{"id":509,"__str__":"Parecer - PARECER CJR de 05/03/2019 por COMISS\u00c3O DE JUSTI\u00c7A E REDA\u00c7\u00c3O","link_detail_backend":"/materia/documentoacessorio/509","metadata":{},"nome":"PARECER CJR","data":"2019-03-05","autor":"COMISS\u00c3O DE JUSTI\u00c7A E REDA\u00c7\u00c3O","ementa":"Parecer favor\u00e1vel pela maioria dos membros.","indexacao":"","arquivo":"http://sapl.primaveradoleste.mt.leg.br/media/sapl/public/documentoacessorio/2018/509/parecer_cjr_pl_927_2018.pdf","data_ultima_atualizacao":"2019-10-07T12:16:54.135089-04:00","materia":724,"tipo":7}