{"id":411,"__str__":"Parecer - Parecer Jur\u00eddico de 26/08/2019 por Luiz Carlos Rezende","link_detail_backend":"/materia/documentoacessorio/411","metadata":{},"nome":"Parecer Jur\u00eddico","data":"2019-08-26","autor":"Luiz Carlos Rezende","ementa":"O presente Projeto, ao meu sentir, n\u00e3o encontra \u00f3bice legal, especialmente no que se refere \u00e0 iniciativa, eis que amparado pelo que disp\u00f5e a Lei Org\u00e2nica Municipal bem como o Regimento Interno da C\u00e2mara Municipal.\r\n\r\nDesta forma, n\u00e3o encontrando nenhum motivo legal que o impe\u00e7a, opino favoravelmente ao tr\u00e2mite regular do presente feito.\r\n\r\n \u00c9 o meu parecer.","indexacao":"","arquivo":"http://sapl.primaveradoleste.mt.leg.br/media/sapl/public/documentoacessorio/2019/411/parecer_lcr_117_2019.pdf","data_ultima_atualizacao":"2019-08-30T07:30:00.319833-04:00","materia":622,"tipo":7}