{"id":3933,"__str__":"Parecer - Comiss\u00e3o de Justi\u00e7a e Reda\u00e7\u00e3o de 03/10/2025 por ","link_detail_backend":"/materia/documentoacessorio/3933","metadata":{},"nome":"Comiss\u00e3o de Justi\u00e7a e Reda\u00e7\u00e3o","data":"2025-10-03","autor":"","ementa":"","indexacao":"","arquivo":"http://sapl.primaveradoleste.mt.leg.br/media/sapl/public/documentoacessorio/2025/3933/parecer_cjr_-_pl_1773.2025.pdf","data_ultima_atualizacao":"2025-10-03T10:33:33.197946-04:00","materia":5280,"tipo":7}