{"id":387,"__str__":"Parecer - Parecer Jur\u00eddico de 08/08/2019 por Luiz Carlos Rezende","link_detail_backend":"/materia/documentoacessorio/387","metadata":{},"nome":"Parecer Jur\u00eddico","data":"2019-08-08","autor":"Luiz Carlos Rezende","ementa":"Neste sentido, evidenciada t\u00e3o somente a quest\u00e3o de admissibilidade, disciplina a mat\u00e9ria, verifico que o presente Projeto cumpre as exig\u00eancias legais, de acordo com RICM.\r\n\r\nAssim, opino que seja a presente proposi\u00e7\u00e3o remetida \u00e0 Comiss\u00e3o de Justi\u00e7a e Reda\u00e7\u00e3o, para sua manifesta\u00e7\u00e3o Regimental.\r\n\r\nCom tais considera\u00e7\u00f5es, n\u00e3o encontrando \u00f3bice legal que o restrinja, opino favoravelmente ao prosseguimento do presente feito.\r\n\r\n\t\u00c9 o meu parecer.","indexacao":"","arquivo":"http://sapl.primaveradoleste.mt.leg.br/media/sapl/public/documentoacessorio/2019/387/parecer_lcr_102_2019.pdf","data_ultima_atualizacao":"2019-08-08T12:44:19.925371-04:00","materia":560,"tipo":7}