{"id":3875,"__str__":"Parecer - Comiss\u00e3o de Justi\u00e7a e Reda\u00e7\u00e3o de 12/09/2025 por ","link_detail_backend":"/materia/documentoacessorio/3875","metadata":{},"nome":"Comiss\u00e3o de Justi\u00e7a e Reda\u00e7\u00e3o","data":"2025-09-12","autor":"","ementa":"","indexacao":"","arquivo":"http://sapl.primaveradoleste.mt.leg.br/media/sapl/public/documentoacessorio/2025/3875/parecer_cjr_-_pl_1771.2025.pdf","data_ultima_atualizacao":"2025-09-12T10:35:39.666535-04:00","materia":5269,"tipo":7}