{"id":3872,"__str__":"Parecer - Comiss\u00e3o de Economia, Finan\u00e7as e Or\u00e7amento de 12/09/2025 por ","link_detail_backend":"/materia/documentoacessorio/3872","metadata":{},"nome":"Comiss\u00e3o de Economia, Finan\u00e7as e Or\u00e7amento","data":"2025-09-12","autor":"","ementa":"","indexacao":"","arquivo":"http://sapl.primaveradoleste.mt.leg.br/media/sapl/public/documentoacessorio/2025/3872/parecer_cefo_-_pl_1774.2025.pdf","data_ultima_atualizacao":"2025-09-12T10:29:44.599466-04:00","materia":5281,"tipo":7}