{"id":3864,"__str__":"Parecer - Comiss\u00e3o de Justi\u00e7a e Reda\u00e7\u00e3o de 12/09/2025 por ","link_detail_backend":"/materia/documentoacessorio/3864","metadata":{},"nome":"Comiss\u00e3o de Justi\u00e7a e Reda\u00e7\u00e3o","data":"2025-09-12","autor":"","ementa":"","indexacao":"","arquivo":"http://sapl.primaveradoleste.mt.leg.br/media/sapl/public/documentoacessorio/2025/3864/parecer_cjr_-_pl_1789.2025.pdf","data_ultima_atualizacao":"2025-09-12T10:11:57.801807-04:00","materia":5355,"tipo":7}