{"id":3850,"__str__":"Parecer - Comiss\u00e3o de Justi\u00e7a e Reda\u00e7\u00e3o de 04/09/2025 por ","link_detail_backend":"/materia/documentoacessorio/3850","metadata":{},"nome":"Comiss\u00e3o de Justi\u00e7a e Reda\u00e7\u00e3o","data":"2025-09-04","autor":"","ementa":"","indexacao":"","arquivo":"http://sapl.primaveradoleste.mt.leg.br/media/sapl/public/documentoacessorio/2025/3850/parecer_cjr_-_pl_1786.2025.pdf","data_ultima_atualizacao":"2025-09-04T12:07:38.772578-04:00","materia":5346,"tipo":7}