{"id":3843,"__str__":"Parecer - Comiss\u00e3o de Educa\u00e7\u00e3o, Cultura, Sa\u00fade e Assist\u00eancia de 04/09/2025 por ","link_detail_backend":"/materia/documentoacessorio/3843","metadata":{},"nome":"Comiss\u00e3o de Educa\u00e7\u00e3o, Cultura, Sa\u00fade e Assist\u00eancia","data":"2025-09-04","autor":"","ementa":"","indexacao":"","arquivo":"http://sapl.primaveradoleste.mt.leg.br/media/sapl/public/documentoacessorio/2025/3843/parecer_cecsas_-_pl_1782.2025.pdf","data_ultima_atualizacao":"2025-09-04T11:53:27.005561-04:00","materia":5316,"tipo":7}