{"id":378,"__str__":"Parecer - Parecer Jur\u00eddico de 23/07/2019 por Luiz Carlos Rezende","link_detail_backend":"/materia/documentoacessorio/378","metadata":{},"nome":"Parecer Jur\u00eddico","data":"2019-07-23","autor":"Luiz Carlos Rezende","ementa":"Assim, opino que seja a presente proposi\u00e7\u00e3o remetida \u00e0 Comiss\u00e3o de Justi\u00e7a e Reda\u00e7\u00e3o, para sua manifesta\u00e7\u00e3o Regimental, inclusive quanto a substitui\u00e7\u00e3o das Biografias pelos curr\u00edculos.\r\n\r\nCom tais considera\u00e7\u00f5es, n\u00e3o encontrando  \u00f3bice legal que o restrinja, opino favoravelmente ao prosseguimento do presente feito, com as observa\u00e7\u00f5es elencadas.\r\n\r\n\t\u00c9 o meu parecer.","indexacao":"","arquivo":"http://sapl.primaveradoleste.mt.leg.br/media/sapl/public/documentoacessorio/2019/378/parecer_099_2019.pdf","data_ultima_atualizacao":"2019-08-01T11:21:00.680718-04:00","materia":531,"tipo":7}