{"id":3765,"__str__":"Parecer - Comiss\u00e3o de Justi\u00e7a e Reda\u00e7\u00e3o de 15/08/2025 por ","link_detail_backend":"/materia/documentoacessorio/3765","metadata":{},"nome":"Comiss\u00e3o de Justi\u00e7a e Reda\u00e7\u00e3o","data":"2025-08-15","autor":"","ementa":"","indexacao":"","arquivo":"http://sapl.primaveradoleste.mt.leg.br/media/sapl/public/documentoacessorio/2025/3765/parecer_cjr_-_pl_1739.2025.pdf","data_ultima_atualizacao":"2025-08-15T10:25:19.106187-04:00","materia":5148,"tipo":7}