{"id":3764,"__str__":"Parecer - Comiss\u00e3o de Justi\u00e7a e Reda\u00e7\u00e3o de 15/08/2025 por ","link_detail_backend":"/materia/documentoacessorio/3764","metadata":{},"nome":"Comiss\u00e3o de Justi\u00e7a e Reda\u00e7\u00e3o","data":"2025-08-15","autor":"","ementa":"","indexacao":"","arquivo":"http://sapl.primaveradoleste.mt.leg.br/media/sapl/public/documentoacessorio/2025/3764/parecer_cjr_-_pelo_034.2025.pdf","data_ultima_atualizacao":"2025-08-15T10:24:17.158917-04:00","materia":5250,"tipo":7}