{"id":3742,"__str__":"Parecer - Comiss\u00e3o de Justi\u00e7a e Reda\u00e7\u00e3o de 08/08/2025 por ","link_detail_backend":"/materia/documentoacessorio/3742","metadata":{},"nome":"Comiss\u00e3o de Justi\u00e7a e Reda\u00e7\u00e3o","data":"2025-08-08","autor":"","ementa":"","indexacao":"","arquivo":"http://sapl.primaveradoleste.mt.leg.br/media/sapl/public/documentoacessorio/2025/3742/parecer_cjr_-_ma_010.2025.pdf","data_ultima_atualizacao":"2025-08-08T10:15:21.198447-04:00","materia":5184,"tipo":7}