{"id":3709,"__str__":"Parecer - Comiss\u00e3o de Justi\u00e7a e Reda\u00e7\u00e3o de 11/07/2025 por ","link_detail_backend":"/materia/documentoacessorio/3709","metadata":{},"nome":"Comiss\u00e3o de Justi\u00e7a e Reda\u00e7\u00e3o","data":"2025-07-11","autor":"","ementa":"","indexacao":"","arquivo":"http://sapl.primaveradoleste.mt.leg.br/media/sapl/public/documentoacessorio/2025/3709/parecer_cjr_-_pl_1736_de_2025.pdf","data_ultima_atualizacao":"2025-07-11T10:31:34.566367-04:00","materia":5125,"tipo":7}