{"id":3651,"__str__":"Parecer - Comiss\u00e3o de Justi\u00e7a e Reda\u00e7\u00e3o de 13/06/2025 por ","link_detail_backend":"/materia/documentoacessorio/3651","metadata":{},"nome":"Comiss\u00e3o de Justi\u00e7a e Reda\u00e7\u00e3o","data":"2025-06-13","autor":"","ementa":"","indexacao":"","arquivo":"http://sapl.primaveradoleste.mt.leg.br/media/sapl/public/documentoacessorio/2025/3651/parecer_cjr_-_pl_1706_de_2025.pdf","data_ultima_atualizacao":"2025-06-13T10:17:21.105502-04:00","materia":4864,"tipo":7}