{"id":360,"__str__":"Parecer - Parecer Jur\u00eddico de 12/07/2019 por Luiz Carlos Rezende","link_detail_backend":"/materia/documentoacessorio/360","metadata":{},"nome":"Parecer Jur\u00eddico","data":"2019-07-12","autor":"Luiz Carlos Rezende","ementa":"Neste v\u00e9rtice, evidenciada exclusivamente a quest\u00e3o formal que disciplina a mat\u00e9ria, verifico que o presente Projeto cumpre as exig\u00eancias legais.\r\n\r\nCom tais considera\u00e7\u00f5es, n\u00e3o encontrando \u00f3bice legal que o restrinja, opino favoravelmente ao prosseguimento do presente feito, devendo cumprir os tr\u00e2mites regimentais desta Casa.\r\n\t\r\n\u00c9 o meu parecer.","indexacao":"","arquivo":"http://sapl.primaveradoleste.mt.leg.br/media/sapl/public/documentoacessorio/2019/360/parecer_093_2019.pdf","data_ultima_atualizacao":"2019-07-15T07:51:56.429469-04:00","materia":513,"tipo":7}