{"id":351,"__str__":"Parecer - PARECER CJR de 12/07/2019 por COMISS\u00c3O DE JUSTI\u00c7A E REDA\u00c7\u00c3O","link_detail_backend":"/materia/documentoacessorio/351","metadata":{},"nome":"PARECER CJR","data":"2019-07-12","autor":"COMISS\u00c3O DE JUSTI\u00c7A E REDA\u00c7\u00c3O","ementa":"Parecer favor\u00e1vel.","indexacao":"","arquivo":"http://sapl.primaveradoleste.mt.leg.br/media/sapl/public/documentoacessorio/2019/351/mocao_de_pesar_023_2019.pdf","data_ultima_atualizacao":"2019-07-12T08:17:41.175586-04:00","materia":445,"tipo":7}